{"id":5412,"date":"2022-05-06T16:03:39","date_gmt":"2022-05-06T16:03:39","guid":{"rendered":"http:\/\/news.656.html"},"modified":"2022-05-06T16:03:39","modified_gmt":"2022-05-06T16:03:39","slug":"hiszpania-takze-rozluznia-przepisy-o-czasie-pracy-i-odpoczynku-kierowcow","status":"publish","type":"post","link":"http:\/\/avicegroup.com\/pl\/hiszpania-takze-rozluznia-przepisy-o-czasie-pracy-i-odpoczynku-kierowcow\/","title":{"rendered":"Hiszpania tak\u017ce rozlu\u017ania przepisy o czasie pracy i odpoczynku kierowc\u00f3w"},"content":{"rendered":"<h1 class=\"ui header\">\n<div class=\"sub header\">Pa\u0144stwo to przy\u0142\u0105czy\u0142o si\u0119 w ten spos\u00f3b do \u015brodk\u00f3w przyj\u0119tych przez inne kraje, takie jak Wielka Brytania czy Belgia, a przypuszczalnie tak\u017ce Francja, w celu ustanowienia zwolnie\u0144 z przestrzegania tachografu ze wzgl\u0119du na niemo\u017cno\u015b\u0107 jego przestrzegania przez przewo\u017anik\u00f3w dotkni\u0119tych Brexitem oraz zamkni\u0119cie granic ze Zjednoczonym Kr\u00f3lestwem.<\/div>\n<\/h1>\n<p style=\"font-size:1.1rem\">Hiszpa\u0144skie stowarzyszenie transportowe FENADISMER poinformowa\u0142o, \u017ce w odpowiedzi na ich wniosek, w obliczu powa\u017cnej sytuacji, jak\u0105 w ostatnich tygodniach spowodowa\u0142y blokady i kilometrowe korki w portach kana\u0142u La Manche i Eurotunelu, Ministerstwo Transportu przyj\u0119\u0142o Uchwa\u0142\u0119 o uelastycznieniu czasu jazdy i odpoczynku poszkodowanym przewo\u017anikom <b>od 15 grudnia 2020 roku do 13 stycznia 2021 roku.<\/p>\n<p>Zdaj\u0105c sobie spraw\u0119 z sytuacji, z jak\u0105 w ostatnich tygodniach prze\u017cywali hiszpa\u0144scy przewo\u017anicy, Ministerstwo Transportu wyda\u0142o we wtorek 22 lutego rezolucj\u0119, kt\u00f3ra uelastycznia regulacj\u0119 czasu jazdy i odpoczynku, zwi\u0119kszaj\u0105c tym samym \u015brodki przyj\u0119te przez inne kraje, takie jak Zjednoczone Kr\u00f3lestwo lub Belgia, a tak\u017ce prawdopodobnie Francja, w celu ustanowienia odst\u0119pstw od zgodno\u015bci tachografu z powodu jego niemo\u017cno\u015bci spe\u0142nienia w obecnych okoliczno\u015bciach.<\/p>\n<h4>Ministerstwo Transportu postanowi\u0142o uelastyczni\u0107 warunki pracy kierowc\u00f3w na nast\u0119puj\u0105cych warunkach:<\/h4>\n<li>pozwoli\u0107 na wyd\u0142u\u017cenie maksymalnego dziennego czasu prowadzenia pojazdu z 9 do 11 godzin<\/li>\n<li>zmie\u0144 maksymalny okres jazdy co dwa tygodnie z 90 na 96 godzin<\/li>\n<li>od\u0142\u00f3\u017c pocz\u0105tek cotygodniowego odpoczynku po up\u0142ywie sze\u015bciu 24-godzinnych okres\u00f3w<\/li>\n<li>pozw\u00f3l kierowcy na normalny tygodniowy odpoczynek w poje\u017adzie, o ile pojazd jest odpowiednio wyposa\u017cony dla ka\u017cdego z kierowc\u00f3w i jest zaparkowany.<\/li>\n<p>\nNale\u017cy jednak zauwa\u017cy\u0107, \u017ce to tymczasowe z\u0142agodzenie wspomnianych powy\u017cej przepis\u00f3w dotycz\u0105cych czasu prowadzenia pojazdu i odpoczynku wynika z tych wyj\u0105tkowych okoliczno\u015bci i b\u0119dzie mia\u0142o zastosowanie wy\u0142\u0105cznie do kierowc\u00f3w, kt\u00f3rzy uzasadniaj\u0105 wykonywanie przewoz\u00f3w towarowych mi\u0119dzy Zjednoczonym Kr\u00f3lestwem. i Hiszpania mi\u0119dzy 15 grudnia 2020 a 13 stycznia 2021 roku.<\/p>\n<p><a href=\"https:\/\/etransport.pl\/wiadomosc,62752,belgijski_rzad_postanowil_zlagodzic_przepisy_dotyczace_czasow_jazdy_i_odpoczynku.html\" class=\"ui circular right labeled icon button\" target=\"_blank\" rel=\"noopener\">Belgijski rz\u0105d postanowi\u0142 z\u0142agodzi\u0107 przepisy dotycz\u0105ce czas\u00f3w jazdy i odpoczynku <i class=\"ui right arrow icon\"><\/i><\/a><\/p>\n<p><a href=\"https:\/\/etransport.pl\/wiadomosc,62761,wielka_brytania_tymczasowo_lagodzi_godziny_pracy_kierowcow.html\" class=\"ui circular right labeled icon button\" target=\"_blank\" rel=\"noopener\">Wielka Brytania tymczasowo \u0142agodzi godziny pracy kierowc\u00f3w <i class=\"ui right arrow icon\"><\/i><\/a><\/p>\n<p><i>\u0179r\u00f3d\u0142o: FENADISMER<\/i><\/p>\n","protected":false},"excerpt":{"rendered":"<p>Pa\u0144stwo to przy\u0142\u0105czy\u0142o si\u0119 w ten spos\u00f3b do \u015brodk\u00f3w przyj\u0119tych przez inne kraje, takie jak Wielka Brytania czy Belgia, a przypuszczalnie tak\u017ce Francja, w celu ustanowienia zwolnie\u0144 z przestrzegania tachografu ze wzgl\u0119du na niemo\u017cno\u015b\u0107 jego przestrzegania przez przewo\u017anik\u00f3w dotkni\u0119tych Brexitem oraz zamkni\u0119cie granic ze Zjednoczonym Kr\u00f3lestwem. Hiszpa\u0144skie stowarzyszenie transportowe FENADISMER poinformowa\u0142o, \u017ce w odpowiedzi na [&hellip;]<\/p>\n","protected":false},"author":0,"featured_media":5413,"comment_status":"open","ping_status":"open","sticky":false,"template":"","format":"standard","meta":[],"categories":[1],"tags":[],"_links":{"self":[{"href":"http:\/\/avicegroup.com\/pl\/wp-json\/wp\/v2\/posts\/5412"}],"collection":[{"href":"http:\/\/avicegroup.com\/pl\/wp-json\/wp\/v2\/posts"}],"about":[{"href":"http:\/\/avicegroup.com\/pl\/wp-json\/wp\/v2\/types\/post"}],"replies":[{"embeddable":true,"href":"http:\/\/avicegroup.com\/pl\/wp-json\/wp\/v2\/comments?post=5412"}],"version-history":[{"count":0,"href":"http:\/\/avicegroup.com\/pl\/wp-json\/wp\/v2\/posts\/5412\/revisions"}],"wp:featuredmedia":[{"embeddable":true,"href":"http:\/\/avicegroup.com\/pl\/wp-json\/wp\/v2\/media\/5413"}],"wp:attachment":[{"href":"http:\/\/avicegroup.com\/pl\/wp-json\/wp\/v2\/media?parent=5412"}],"wp:term":[{"taxonomy":"category","embeddable":true,"href":"http:\/\/avicegroup.com\/pl\/wp-json\/wp\/v2\/categories?post=5412"},{"taxonomy":"post_tag","embeddable":true,"href":"http:\/\/avicegroup.com\/pl\/wp-json\/wp\/v2\/tags?post=5412"}],"curies":[{"name":"wp","href":"https:\/\/api.w.org\/{rel}","templated":true}]}}