{"id":5392,"date":"2022-05-06T16:03:36","date_gmt":"2022-05-06T16:03:36","guid":{"rendered":"http:\/\/news.660.html"},"modified":"2022-05-06T16:03:36","modified_gmt":"2022-05-06T16:03:36","slug":"belgia-lagodzi-przepisy-dotyczace-czasu-jazdy-i-odpoczynku-w-zwiazku-z-brexitem","status":"publish","type":"post","link":"http:\/\/avicegroup.com\/pl\/belgia-lagodzi-przepisy-dotyczace-czasu-jazdy-i-odpoczynku-w-zwiazku-z-brexitem\/","title":{"rendered":"Belgia \u0142agodzi przepisy dotycz\u0105ce czasu jazdy i odpoczynku w zwi\u0105zku z Brexitem"},"content":{"rendered":"<h1 class=\"ui header\">\n<div class=\"sub header\">W odpowiedzi na nadzwyczajn\u0105 sytuacj\u0119 wynikaj\u0105c\u0105 z BREXIT, rz\u0105d belgijski zgodzi\u0142 si\u0119 na czasowe i ograniczone z\u0142agodzenie egzekwowania czasu jazdy i odpoczynku kierowc\u00f3w pojazd\u00f3w wykonuj\u0105cych transport do port\u00f3w w Belgii i Francji.<\/div>\n<\/h1>\n<p style=\"font-size:1.1rem\">Dotyczy to g\u0142\u00f3wnie przej\u015b\u0107 granicznych na trasie E40 do i z Francji, E17 w Rekkem, transportu do port\u00f3w morskich w Belgii i Francji w celu wysy\u0142ki towar\u00f3w do Wielkiej Brytanii.<\/p>\n<p>Tymczasowe z\u0142agodzenie obowi\u0105zuje od <b>28.12.2020 do 26.01.2021<\/b> i dotyczy tylko kierowc\u00f3w, kt\u00f3rzy do\u015bwiadczaj\u0105 kork\u00f3w i d\u0142ugich czas\u00f3w oczekiwania podczas transportu towar\u00f3w do port\u00f3w w Belgii i Francji, a ich ostatecznym celem jest dostarczenie towar\u00f3w do Wielkiej Brytanii.<\/p>\n<p>W przypadku wy\u017cej wymienionych kierowc\u00f3w czas jazdy i odpoczynku jest tymczasowo rozlu\u017aniony w nast\u0119puj\u0105cy spos\u00f3b:<\/p>\n<p>&#8211; maksymalny dzienny czas prowadzenia pojazdu &#8211; 11 godzin;<br \/>\n&#8211; nieprzerwany czas prowadzenia pojazdu: przerwa trwaj\u0105ca 45 minut jest obowi\u0105zkowa dopiero po 5,5 godziny jazdy zamiast 4,5 godziny;<br \/>\n&#8211; odpoczynek dobowy: skr\u00f3cenie dziennego czasu odpoczynku z 11 do 9 godzin;<br \/>\n&#8211; odpoczynek tygodniowy: przesuni\u0119cie tygodniowego okresu odpoczynku na wi\u0119cej ni\u017c sze\u015b\u0107 24-godzinnych okres\u00f3w.<\/p>\n<p>\u2757<b>Uwaga!<\/b> Po przybyciu do odpowiedniego miejsca kierowca korzystaj\u0105cy z powy\u017cszej elastyczno\u015bci musi zanotowa\u0107 charakter i przyczyn\u0119 odchylenia na wydruku tachografu. Zwolnienia te mog\u0105 by\u0107 stosowane tylko wtedy, gdy mo\u017cna skutecznie wykaza\u0107 (np. Na podstawie rejestracji na karcie kierowcy, CMR, bilecie promowym).<\/p>\n<p><i>\u0179r\u00f3d\u0142o: Febetra<\/i><\/p>\n","protected":false},"excerpt":{"rendered":"<p>W odpowiedzi na nadzwyczajn\u0105 sytuacj\u0119 wynikaj\u0105c\u0105 z BREXIT, rz\u0105d belgijski zgodzi\u0142 si\u0119 na czasowe i ograniczone z\u0142agodzenie egzekwowania czasu jazdy i odpoczynku kierowc\u00f3w pojazd\u00f3w wykonuj\u0105cych transport do port\u00f3w w Belgii i Francji. Dotyczy to g\u0142\u00f3wnie przej\u015b\u0107 granicznych na trasie E40 do i z Francji, E17 w Rekkem, transportu do port\u00f3w morskich w Belgii i Francji [&hellip;]<\/p>\n","protected":false},"author":0,"featured_media":5393,"comment_status":"open","ping_status":"open","sticky":false,"template":"","format":"standard","meta":[],"categories":[1],"tags":[],"_links":{"self":[{"href":"http:\/\/avicegroup.com\/pl\/wp-json\/wp\/v2\/posts\/5392"}],"collection":[{"href":"http:\/\/avicegroup.com\/pl\/wp-json\/wp\/v2\/posts"}],"about":[{"href":"http:\/\/avicegroup.com\/pl\/wp-json\/wp\/v2\/types\/post"}],"replies":[{"embeddable":true,"href":"http:\/\/avicegroup.com\/pl\/wp-json\/wp\/v2\/comments?post=5392"}],"version-history":[{"count":0,"href":"http:\/\/avicegroup.com\/pl\/wp-json\/wp\/v2\/posts\/5392\/revisions"}],"wp:featuredmedia":[{"embeddable":true,"href":"http:\/\/avicegroup.com\/pl\/wp-json\/wp\/v2\/media\/5393"}],"wp:attachment":[{"href":"http:\/\/avicegroup.com\/pl\/wp-json\/wp\/v2\/media?parent=5392"}],"wp:term":[{"taxonomy":"category","embeddable":true,"href":"http:\/\/avicegroup.com\/pl\/wp-json\/wp\/v2\/categories?post=5392"},{"taxonomy":"post_tag","embeddable":true,"href":"http:\/\/avicegroup.com\/pl\/wp-json\/wp\/v2\/tags?post=5392"}],"curies":[{"name":"wp","href":"https:\/\/api.w.org\/{rel}","templated":true}]}}