{"id":5387,"date":"2022-05-06T16:03:35","date_gmt":"2022-05-06T16:03:35","guid":{"rendered":"http:\/\/news.661.html"},"modified":"2022-05-06T16:03:35","modified_gmt":"2022-05-06T16:03:35","slug":"zakazy-ruchu-ciezarowek-zawieszone-od-1-do-10-stycznia-2021-r","status":"publish","type":"post","link":"http:\/\/avicegroup.com\/pl\/zakazy-ruchu-ciezarowek-zawieszone-od-1-do-10-stycznia-2021-r\/","title":{"rendered":"Zakazy ruchu ci\u0119\u017car\u00f3wek zawieszone od 1 do 10 stycznia 2021 r"},"content":{"rendered":"<h1 class=\"ui header\">\n<div class=\"sub header\">Po po\u0142udniu 31 grudnia 2020 r. Ministerstwo Transportu og\u0142osi\u0142o zawieszenie zakaz\u00f3w ruchu pojazd\u00f3w przemys\u0142owych o masie ca\u0142kowitej przekraczaj\u0105cej 7,5 t, obowi\u0105zuj\u0105cych od 1 do 10 stycznia 2021 r.<\/div>\n<\/h1>\n<p style=\"font-size:1.1rem\">Zawieszenie nast\u0105pi\u0142o na mocy dekretu ministerialnego nr 238 z dnia 31 grudnia 2020 r. warunki i wyj\u0105tki od zakaz\u00f3w odnosz\u0105cych si\u0119 do 2021 r. Dni, w kt\u00f3rych zakazy s\u0105 zawieszone, czyli w pi\u0105tek 1 stycznia, niedziel\u0119 3 stycznia, \u015brod\u0119 6 stycznia i niedziel\u0119 10 stycznia. <\/p>\n<p>Je\u015bli nie b\u0119dzie kolejnych zawiesze\u0144, pierwszy zakaz z 2021 roku b\u0119dzie obowi\u0105zywa\u0142 w niedziel\u0119 17 stycznia w godzinach od 9.00 do 22.00.<\/p>\n","protected":false},"excerpt":{"rendered":"<p>Po po\u0142udniu 31 grudnia 2020 r. Ministerstwo Transportu og\u0142osi\u0142o zawieszenie zakaz\u00f3w ruchu pojazd\u00f3w przemys\u0142owych o masie ca\u0142kowitej przekraczaj\u0105cej 7,5 t, obowi\u0105zuj\u0105cych od 1 do 10 stycznia 2021 r. Zawieszenie nast\u0105pi\u0142o na mocy dekretu ministerialnego nr 238 z dnia 31 grudnia 2020 r. warunki i wyj\u0105tki od zakaz\u00f3w odnosz\u0105cych si\u0119 do 2021 r. Dni, w kt\u00f3rych [&hellip;]<\/p>\n","protected":false},"author":0,"featured_media":5388,"comment_status":"open","ping_status":"open","sticky":false,"template":"","format":"standard","meta":[],"categories":[1],"tags":[],"_links":{"self":[{"href":"http:\/\/avicegroup.com\/pl\/wp-json\/wp\/v2\/posts\/5387"}],"collection":[{"href":"http:\/\/avicegroup.com\/pl\/wp-json\/wp\/v2\/posts"}],"about":[{"href":"http:\/\/avicegroup.com\/pl\/wp-json\/wp\/v2\/types\/post"}],"replies":[{"embeddable":true,"href":"http:\/\/avicegroup.com\/pl\/wp-json\/wp\/v2\/comments?post=5387"}],"version-history":[{"count":0,"href":"http:\/\/avicegroup.com\/pl\/wp-json\/wp\/v2\/posts\/5387\/revisions"}],"wp:featuredmedia":[{"embeddable":true,"href":"http:\/\/avicegroup.com\/pl\/wp-json\/wp\/v2\/media\/5388"}],"wp:attachment":[{"href":"http:\/\/avicegroup.com\/pl\/wp-json\/wp\/v2\/media?parent=5387"}],"wp:term":[{"taxonomy":"category","embeddable":true,"href":"http:\/\/avicegroup.com\/pl\/wp-json\/wp\/v2\/categories?post=5387"},{"taxonomy":"post_tag","embeddable":true,"href":"http:\/\/avicegroup.com\/pl\/wp-json\/wp\/v2\/tags?post=5387"}],"curies":[{"name":"wp","href":"https:\/\/api.w.org\/{rel}","templated":true}]}}