{"id":5267,"date":"2022-05-06T16:03:19","date_gmt":"2022-05-06T16:03:19","guid":{"rendered":"http:\/\/news.685.html"},"modified":"2022-05-06T16:03:19","modified_gmt":"2022-05-06T16:03:19","slug":"belgia-wprowadza-nowe-oswiadczenie-w-trybie-natychmiastowym","status":"publish","type":"post","link":"http:\/\/avicegroup.com\/pl\/belgia-wprowadza-nowe-oswiadczenie-w-trybie-natychmiastowym\/","title":{"rendered":"Belgia wprowadza nowe o\u015bwiadczenie w trybie natychmiastowym"},"content":{"rendered":"<h1 class=\"ui header\">\n<div class=\"sub header\">Od 27 stycznia do 1 marca 2021 r. wprowadzono w Belgii obowi\u0105zek posiadania przez wszystkich kierowc\u00f3w w sektorze transportowym o\u015bwiadczenia potwierdzaj\u0105cego, \u017ce podr\u00f3\u017c jest niezb\u0119dna i wykonywana w celach zawodowych.<\/div>\n<\/h1>\n<p style=\"font-size:1.1rem\">Podr\u00f3\u017ce w celach zawodowych, kt\u00f3re obejmuj\u0105 profesjonalny transport towar\u00f3w s\u0105 dozwolone wy\u0142\u0105cznie pod warunkiem posiadania przez kierowc\u0119 za\u015bwiadczenia (tzw. o\u015bwiadczenie honorowe). Na formularzu nale\u017cy zaznaczy\u0107 drugi kwadrat (regularne przewozy). W tej sekcji nale\u017cy wpisa\u0107 dat\u0119 pierwszego wjazdu jako dat\u0119 pocz\u0105tkow\u0105 i 1 marca 2021 jako dat\u0119 ko\u0144cow\u0105 &#8211; w\u00f3wczas nie trzeba wype\u0142nia\u0107 nowej deklaracji za ka\u017cdym razem przy wje\u017adzie na terytorium Belgii. Dodatkowo na o\u015bwiadczeniu nale\u017cy zaznaczy\u0107 trzeci kwadrat na formularzu (\u201epodr\u00f3\u017c z powod\u00f3w czysto zawodowych\u201d). Formularz nale\u017cy mie\u0107 przy sobie w czasie przejazdu na drogach publicznych w Belgii.<\/p>\n<p><a href=\"https:\/\/travel.info-coronavirus.be\/essential-travel-sworn-statement\" class=\"ui circular right labeled icon button\" target=\"_blank\" rel=\"noopener\">O\u015bwiadczenie do wydruku pdf  <i class=\"ui right arrow icon\"><\/i><\/a><\/p>\n","protected":false},"excerpt":{"rendered":"<p>Od 27 stycznia do 1 marca 2021 r. wprowadzono w Belgii obowi\u0105zek posiadania przez wszystkich kierowc\u00f3w w sektorze transportowym o\u015bwiadczenia potwierdzaj\u0105cego, \u017ce podr\u00f3\u017c jest niezb\u0119dna i wykonywana w celach zawodowych. Podr\u00f3\u017ce w celach zawodowych, kt\u00f3re obejmuj\u0105 profesjonalny transport towar\u00f3w s\u0105 dozwolone wy\u0142\u0105cznie pod warunkiem posiadania przez kierowc\u0119 za\u015bwiadczenia (tzw. o\u015bwiadczenie honorowe). Na formularzu nale\u017cy zaznaczy\u0107 [&hellip;]<\/p>\n","protected":false},"author":0,"featured_media":5268,"comment_status":"open","ping_status":"open","sticky":false,"template":"","format":"standard","meta":[],"categories":[1],"tags":[],"_links":{"self":[{"href":"http:\/\/avicegroup.com\/pl\/wp-json\/wp\/v2\/posts\/5267"}],"collection":[{"href":"http:\/\/avicegroup.com\/pl\/wp-json\/wp\/v2\/posts"}],"about":[{"href":"http:\/\/avicegroup.com\/pl\/wp-json\/wp\/v2\/types\/post"}],"replies":[{"embeddable":true,"href":"http:\/\/avicegroup.com\/pl\/wp-json\/wp\/v2\/comments?post=5267"}],"version-history":[{"count":0,"href":"http:\/\/avicegroup.com\/pl\/wp-json\/wp\/v2\/posts\/5267\/revisions"}],"wp:featuredmedia":[{"embeddable":true,"href":"http:\/\/avicegroup.com\/pl\/wp-json\/wp\/v2\/media\/5268"}],"wp:attachment":[{"href":"http:\/\/avicegroup.com\/pl\/wp-json\/wp\/v2\/media?parent=5267"}],"wp:term":[{"taxonomy":"category","embeddable":true,"href":"http:\/\/avicegroup.com\/pl\/wp-json\/wp\/v2\/categories?post=5267"},{"taxonomy":"post_tag","embeddable":true,"href":"http:\/\/avicegroup.com\/pl\/wp-json\/wp\/v2\/tags?post=5267"}],"curies":[{"name":"wp","href":"https:\/\/api.w.org\/{rel}","templated":true}]}}