{"id":26620,"date":"2026-03-21T00:00:56","date_gmt":"2026-03-21T00:00:56","guid":{"rendered":"http:\/\/news.2699.html"},"modified":"2026-03-21T00:00:56","modified_gmt":"2026-03-21T00:00:56","slug":"nagle-ograniczenia-na-hiszpanskiej-ap-7-zakaz-ruchu-ciezarowek-i-limit-80-km-h","status":"publish","type":"post","link":"http:\/\/avicegroup.com\/pl\/nagle-ograniczenia-na-hiszpanskiej-ap-7-zakaz-ruchu-ciezarowek-i-limit-80-km-h\/","title":{"rendered":"Nag\u0142e ograniczenia na hiszpa\u0144skiej AP-7. Zakaz ruchu ci\u0119\u017car\u00f3wek i limit 80 km\/h"},"content":{"rendered":"<h1 class=\"ui header\">\n<div class=\"sub header\">Silne podmuchy wiatru w prowincji Tarragona wymusi\u0142y wprowadzenie ogranicze\u0144 dla ci\u0119\u017car\u00f3wek powy\u017cej 7,5 t. Na odcinku AP-7 mi\u0119dzy Cambrils a Ampost\u0105 w obu kierunkach obowi\u0105zuje zakaz ruchu, a na drogach o du\u017cej przepustowo\u015bci w regionie wprowadzono limit 80 km\/h i zakaz wyprzedzania. Kierowcy musz\u0105 korzysta\u0107 z objazd\u00f3w.<\/div>\n<\/h1>\n<p style=\"font-size:1.1rem\">Katalo\u0144ska s\u0142u\u017cba ruchu drogowego poinformowa\u0142a o wprowadzeniu czasowych ogranicze\u0144 dla pojazd\u00f3w ci\u0119\u017ckich w zwi\u0105zku z prognozowanymi silnymi podmuchami wiatru w prowincji Tarragona. Z komunikat\u00f3w opublikowanych przez oficjalny profil Servei Catal\u00e0 de Tr\u00e0nsit w serwisie X wynika, \u017ce restrykcje obowi\u0105zuj\u0105 w czwartek 19 lutego w godzinach od 7:00 do 19:00. Zgodnie z informacj\u0105 s\u0142u\u017cb, pojazdy ci\u0119\u017ckie o dopuszczalnej masie ca\u0142kowitej powy\u017cej 7,5 t poruszaj\u0105ce si\u0119 po drogach o du\u017cej przepustowo\u015bci w prowincji Tarragona musz\u0105:<br \/>\n\u274c porusza\u0107 si\u0119 wy\u0142\u0105cznie prawym pasem,<br \/>\n\u274c przestrzega\u0107 zakazu wyprzedzania,<br \/>\n\u274c stosowa\u0107 ograniczenie pr\u0119dko\u015bci do maksymalnie 80 km\/h.<\/p>\n<p>Dodatkowo wprowadzono ca\u0142kowite ograniczenie ruchu dla pojazd\u00f3w ci\u0119\u017ckich powy\u017cej 7,5 t na autostradzie AP-7 mi\u0119dzy Cambrils a Ampost\u0105 w obu kierunkach. Oznacza to, \u017ce w wyznaczonym czasie ci\u0119\u017car\u00f3wki nie mog\u0105 korzysta\u0107 z tego odcinka trasy.<\/p>\n<p>S\u0142u\u017cby drogowe wskaza\u0142y alternatywne trasy objazdowe:<br \/>\n\u274c autostrada A-7<br \/>\n\u274c droga krajowa N-340 \u2013 przy czym na czas obowi\u0105zywania ogranicze\u0144 zniesiono sta\u0142e restrykcje dla ruchu ci\u0119\u017carowego na tej trasie.<\/p>\n<p>Dla firm realizuj\u0105cych przewozy w kierunku Walencji, Murcji czy dalej na po\u0142udnie P\u00f3\u0142wyspu Iberyjskiego oznacza to konieczno\u015b\u0107 bie\u017c\u0105cego monitorowania sytuacji i uwzgl\u0119dnienia mo\u017cliwych op\u00f3\u017anie\u0144. Ograniczenia wiatrowe w regionie Katalonii s\u0105 stosowane cyklicznie i mog\u0105 by\u0107 wprowadzane z kr\u00f3tkim wyprzedzeniem, szczeg\u00f3lnie na odcinkach nara\u017conych na silne podmuchy boczne, takich jak fragment AP-7 w rejonie delty rzeki Ebro.<\/p>\n<blockquote class=\"twitter-tweet\">\n<p lang=\"ca\" dir=\"ltr\">\u26d4 A m\u00e9s s&#8217;estableix una restricci\u00f3 de circulaci\u00f3 per l\u2019AP\u20117 entre Cambrils i Amposta en ambd\u00f3s sentits que afectar\u00e0 tots els vehicles pesants de m\u00e9s de 7,5 t.<\/p>\n","protected":false},"excerpt":{"rendered":"<p>Silne podmuchy wiatru w prowincji Tarragona wymusi\u0142y wprowadzenie ogranicze\u0144 dla ci\u0119\u017car\u00f3wek powy\u017cej 7,5 t. Na odcinku AP-7 mi\u0119dzy Cambrils a Ampost\u0105 w obu kierunkach obowi\u0105zuje zakaz ruchu, a na drogach o du\u017cej przepustowo\u015bci w regionie wprowadzono limit 80 km\/h i zakaz wyprzedzania. Kierowcy musz\u0105 korzysta\u0107 z objazd\u00f3w. Katalo\u0144ska s\u0142u\u017cba ruchu drogowego poinformowa\u0142a o wprowadzeniu czasowych [&hellip;]<\/p>\n","protected":false},"author":0,"featured_media":26621,"comment_status":"open","ping_status":"open","sticky":false,"template":"","format":"standard","meta":[],"categories":[1],"tags":[],"_links":{"self":[{"href":"http:\/\/avicegroup.com\/pl\/wp-json\/wp\/v2\/posts\/26620"}],"collection":[{"href":"http:\/\/avicegroup.com\/pl\/wp-json\/wp\/v2\/posts"}],"about":[{"href":"http:\/\/avicegroup.com\/pl\/wp-json\/wp\/v2\/types\/post"}],"replies":[{"embeddable":true,"href":"http:\/\/avicegroup.com\/pl\/wp-json\/wp\/v2\/comments?post=26620"}],"version-history":[{"count":0,"href":"http:\/\/avicegroup.com\/pl\/wp-json\/wp\/v2\/posts\/26620\/revisions"}],"wp:featuredmedia":[{"embeddable":true,"href":"http:\/\/avicegroup.com\/pl\/wp-json\/wp\/v2\/media\/26621"}],"wp:attachment":[{"href":"http:\/\/avicegroup.com\/pl\/wp-json\/wp\/v2\/media?parent=26620"}],"wp:term":[{"taxonomy":"category","embeddable":true,"href":"http:\/\/avicegroup.com\/pl\/wp-json\/wp\/v2\/categories?post=26620"},{"taxonomy":"post_tag","embeddable":true,"href":"http:\/\/avicegroup.com\/pl\/wp-json\/wp\/v2\/tags?post=26620"}],"curies":[{"name":"wp","href":"https:\/\/api.w.org\/{rel}","templated":true}]}}