{"id":19958,"date":"2023-09-30T00:00:52","date_gmt":"2023-09-30T00:00:52","guid":{"rendered":"http:\/\/news.1720.html"},"modified":"2023-09-30T00:00:52","modified_gmt":"2023-09-30T00:00:52","slug":"polska-zintensyfikowala-dzialania-na-granicach-ze-slowacja-i-czechami","status":"publish","type":"post","link":"http:\/\/avicegroup.com\/pl\/polska-zintensyfikowala-dzialania-na-granicach-ze-slowacja-i-czechami\/","title":{"rendered":"Polska zintensyfikowa\u0142a dzia\u0142ania na granicach ze S\u0142owacj\u0105 i Czechami"},"content":{"rendered":"<h1 class=\"ui header\">\n<div class=\"sub header\">Funkcjonariusze Stra\u017cy Granicznej, Policji oraz Inspektoratu Transportu Drogowego losowo sprawdzaj\u0105 busy i inne pojazdy mog\u0105ce przewozi\u0107 nielegalnych migrant\u00f3w. Tylko od wczoraj uj\u0119to oko\u0142o 150 os\u00f3b z Bliskiego Wschodu i Afryki, pr\u00f3buj\u0105cych przedosta\u0107 si\u0119 do Niemiec.<\/div>\n<\/h1>\n<p style=\"font-size:1.1rem\">Komunikat ministra MSWiA Mariusza Kami\u0144skiego po rozmowie z szefow\u0105 MSW Niemiec Nancy Faeser.<br \/>\nDzi\u015b, 28 wrze\u015bnia br. przeprowadzi\u0142em rozmow\u0119 telefoniczn\u0105 z minister spraw wewn\u0119trznych Niemiec Nancy Faeser. Rozmowa dotyczy\u0142a sytuacji na granicy polsko-niemieckiej oraz zwi\u0119kszenia presji migracyjnej na szlaku ba\u0142ka\u0144skim. Podkre\u015blam, \u017ce doniesienia medialne o rzekomym przywr\u00f3ceniu sta\u0142ych kontroli na wewn\u0119trznej granicy Schengen mi\u0119dzy Polsk\u0105 a Niemcami s\u0105 nieprawdziwe. Strona niemiecka podj\u0119\u0142a decyzj\u0119 jedynie o zwi\u0119kszeniu intensywno\u015bci aktywno\u015bci s\u0142u\u017cb po swojej stronie granicy z Polsk\u0105. Nie stanowi to przywr\u00f3cenia kontroli w my\u015bl obowi\u0105zuj\u0105cych zasad Schengen. <\/p>\n<p>Jednocze\u015bnie obserwuj\u0105c wzrastaj\u0105c\u0105 presj\u0119 migracyjn\u0105 na szlaku ba\u0142ka\u0144skim m.in. przez W\u0119gry, S\u0142owacj\u0119, Polsk\u0119 do Niemiec, nasz rz\u0105d podj\u0105\u0142 decyzj\u0119 o wprowadzeniu zintensyfikowanych dzia\u0142a\u0144 s\u0142u\u017cb, m.in. Stra\u017cy Granicznej, Policji oraz Inspektoratu Transportu Drogowego, na granicach ze S\u0142owacj\u0105 i Czechami. Oznacza to dora\u017ane sprawdzanie bus\u00f3w i innych pojazd\u00f3w mog\u0105cych przewozi\u0107 nielegalnych migrant\u00f3w z tego kierunku. W efekcie tych dzia\u0142a\u0144 tylko od wczoraj uj\u0119to oko\u0142o 150 nielegalnych migrant\u00f3w z Bliskiego Wschodu (m.in. z Syrii) i Afryki, pr\u00f3buj\u0105cych przedosta\u0107 si\u0119 do Niemiec. Ujawniono r\u00f3wnie\u017c, \u017ce osoby zaanga\u017cowane w przemyt migrant\u00f3w posiada\u0142y niemieckie kr\u00f3tko- i d\u0142ugoterminowe tytu\u0142y pobytowe (wizy lub prawo pobytu). <\/p>\n<p>Informacje o tym procederze przekaza\u0142em dzi\u015b minister spraw wewn\u0119trznych Niemiec Nancy Faeser. Uzgodnili\u015bmy, \u017ce polskie i niemieckie s\u0142u\u017cby podejm\u0105 \u015bci\u015blejsz\u0105 wsp\u00f3\u0142prac\u0119 w zakresie zwalczania nielegalnej migracji. W tym celu utworzona zostanie specjalna grupa zadaniowa (tzw. taskforce), sk\u0142adaj\u0105ca si\u0119 z funkcjonariuszy z Polski, Czech i Niemiec. <\/p>\n<p>Mariusz Kami\u0144ski<br \/>\nMinister Spraw Wewn\u0119trznych i Administracji <\/p>\n<p><i>\u0179r\u00f3d\u0142o: Ministerstwo Spraw Wewn\u0119trznych i Administracji<\/i><\/p>\n","protected":false},"excerpt":{"rendered":"<p>Funkcjonariusze Stra\u017cy Granicznej, Policji oraz Inspektoratu Transportu Drogowego losowo sprawdzaj\u0105 busy i inne pojazdy mog\u0105ce przewozi\u0107 nielegalnych migrant\u00f3w. Tylko od wczoraj uj\u0119to oko\u0142o 150 os\u00f3b z Bliskiego Wschodu i Afryki, pr\u00f3buj\u0105cych przedosta\u0107 si\u0119 do Niemiec. Komunikat ministra MSWiA Mariusza Kami\u0144skiego po rozmowie z szefow\u0105 MSW Niemiec Nancy Faeser. Dzi\u015b, 28 wrze\u015bnia br. przeprowadzi\u0142em rozmow\u0119 telefoniczn\u0105 [&hellip;]<\/p>\n","protected":false},"author":0,"featured_media":19959,"comment_status":"open","ping_status":"open","sticky":false,"template":"","format":"standard","meta":[],"categories":[1],"tags":[],"_links":{"self":[{"href":"http:\/\/avicegroup.com\/pl\/wp-json\/wp\/v2\/posts\/19958"}],"collection":[{"href":"http:\/\/avicegroup.com\/pl\/wp-json\/wp\/v2\/posts"}],"about":[{"href":"http:\/\/avicegroup.com\/pl\/wp-json\/wp\/v2\/types\/post"}],"replies":[{"embeddable":true,"href":"http:\/\/avicegroup.com\/pl\/wp-json\/wp\/v2\/comments?post=19958"}],"version-history":[{"count":0,"href":"http:\/\/avicegroup.com\/pl\/wp-json\/wp\/v2\/posts\/19958\/revisions"}],"wp:featuredmedia":[{"embeddable":true,"href":"http:\/\/avicegroup.com\/pl\/wp-json\/wp\/v2\/media\/19959"}],"wp:attachment":[{"href":"http:\/\/avicegroup.com\/pl\/wp-json\/wp\/v2\/media?parent=19958"}],"wp:term":[{"taxonomy":"category","embeddable":true,"href":"http:\/\/avicegroup.com\/pl\/wp-json\/wp\/v2\/categories?post=19958"},{"taxonomy":"post_tag","embeddable":true,"href":"http:\/\/avicegroup.com\/pl\/wp-json\/wp\/v2\/tags?post=19958"}],"curies":[{"name":"wp","href":"https:\/\/api.w.org\/{rel}","templated":true}]}}