{"id":19953,"date":"2023-09-30T00:00:49","date_gmt":"2023-09-30T00:00:49","guid":{"rendered":"http:\/\/news.1721.html"},"modified":"2023-09-30T00:00:49","modified_gmt":"2023-09-30T00:00:49","slug":"3-pazdziernika-niemcy-swietuja-dzien-zjednoczenia-co-z-zakazami","status":"publish","type":"post","link":"http:\/\/avicegroup.com\/pl\/3-pazdziernika-niemcy-swietuja-dzien-zjednoczenia-co-z-zakazami\/","title":{"rendered":"3 pa\u017adziernika Niemcy \u015bwi\u0119tuj\u0105 Dzie\u0144 Zjednoczenia &#8211; co z zakazami?"},"content":{"rendered":"<h1 class=\"ui header\">\n<div class=\"sub header\">Zakaz tego dnia dotyczy pojazd\u00f3w ci\u0119\u017carowych o dmc powy\u017cej 7,5 t i samochod\u00f3w ci\u0119\u017carowych z przyczepami niezale\u017cnie od dmc, od godziny 00:00 do godziny 22:00.<\/div>\n<\/h1>\n<p style=\"font-size:1.1rem\">Cz\u0119sto pojawia si\u0119 pytanie, czy \u015bwi\u0119tuje ca\u0142y kraj, czy tylko niekt\u00f3re landy?  Tak jak wspomnieli\u015bmy,<br \/>\n <b>zakaz tego dnia obejmuje ca\u0142\u0105 sie\u0107 dr\u00f3g<\/b>. Oczywi\u015bcie, jak w ka\u017cdym pa\u0144stwie, istniej\u0105 wyj\u0105tki od zakazu. Szczeg\u00f3\u0142y dotycz\u0105ce odst\u0119pstw znajdziecie tutaj: <a href=\"https:\/\/www.trafficban.com\/country.germany.banderogation.135.pl.html\">trafficban.com &#8211; Niemcy &#8211; wa\u017cne informacje<\/a>.  \u015awi\u0119to w Niemczech ma r\u00f3wnie\u017c wp\u0142yw na transport w Austrii i Luksemburgu.<\/p>\n<p><b>W Austrii<\/b> zakaz 3.10 obowi\u0105zuje tak\u017ce od 00:00-22:00, na autostradzie Inntal A 12 i autostradzie A 13 Brenner, je\u017celi miejsce docelowe podr\u00f3\u017cy znajduje si\u0119 w Niemczech lub w kraju, do kt\u00f3rego nale\u017cy dojecha\u0107 przez Niemcy.<\/p>\n<p><b>W Luksemburgu<\/b> zakaz w dniu 3.10 obejmuje pojazdy zmierzaj\u0105ce w kierunku Niemiec i obowi\u0105zuje od 00:00 do 21:45.<\/p>\n","protected":false},"excerpt":{"rendered":"<p>Zakaz tego dnia dotyczy pojazd\u00f3w ci\u0119\u017carowych o dmc powy\u017cej 7,5 t i samochod\u00f3w ci\u0119\u017carowych z przyczepami niezale\u017cnie od dmc, od godziny 00:00 do godziny 22:00. Cz\u0119sto pojawia si\u0119 pytanie, czy \u015bwi\u0119tuje ca\u0142y kraj, czy tylko niekt\u00f3re landy? Tak jak wspomnieli\u015bmy, zakaz tego dnia obejmuje ca\u0142\u0105 sie\u0107 dr\u00f3g. Oczywi\u015bcie, jak w ka\u017cdym pa\u0144stwie, istniej\u0105 wyj\u0105tki od [&hellip;]<\/p>\n","protected":false},"author":0,"featured_media":19954,"comment_status":"open","ping_status":"open","sticky":false,"template":"","format":"standard","meta":[],"categories":[51],"tags":[],"_links":{"self":[{"href":"http:\/\/avicegroup.com\/pl\/wp-json\/wp\/v2\/posts\/19953"}],"collection":[{"href":"http:\/\/avicegroup.com\/pl\/wp-json\/wp\/v2\/posts"}],"about":[{"href":"http:\/\/avicegroup.com\/pl\/wp-json\/wp\/v2\/types\/post"}],"replies":[{"embeddable":true,"href":"http:\/\/avicegroup.com\/pl\/wp-json\/wp\/v2\/comments?post=19953"}],"version-history":[{"count":0,"href":"http:\/\/avicegroup.com\/pl\/wp-json\/wp\/v2\/posts\/19953\/revisions"}],"wp:featuredmedia":[{"embeddable":true,"href":"http:\/\/avicegroup.com\/pl\/wp-json\/wp\/v2\/media\/19954"}],"wp:attachment":[{"href":"http:\/\/avicegroup.com\/pl\/wp-json\/wp\/v2\/media?parent=19953"}],"wp:term":[{"taxonomy":"category","embeddable":true,"href":"http:\/\/avicegroup.com\/pl\/wp-json\/wp\/v2\/categories?post=19953"},{"taxonomy":"post_tag","embeddable":true,"href":"http:\/\/avicegroup.com\/pl\/wp-json\/wp\/v2\/tags?post=19953"}],"curies":[{"name":"wp","href":"https:\/\/api.w.org\/{rel}","templated":true}]}}