{"id":19903,"date":"2023-09-24T00:00:33","date_gmt":"2023-09-24T00:00:33","guid":{"rendered":"http:\/\/news.1713.html"},"modified":"2023-09-24T00:00:33","modified_gmt":"2023-09-24T00:00:33","slug":"belgia-nocne-zamkniecia-na-e25-e40","status":"publish","type":"post","link":"http:\/\/avicegroup.com\/pl\/belgia-nocne-zamkniecia-na-e25-e40\/","title":{"rendered":"Belgia: nocne zamkni\u0119cia na E25-E40"},"content":{"rendered":"<h1 class=\"ui header\">\n<div class=\"sub header\">Po\u0142\u0105czenie b\u0119dzie zamkni\u0119te na 5 nocy w celu przeprowadzenia kwartalnych prac konserwacyjnych.<\/div>\n<\/h1>\n<p style=\"font-size:1.1rem\">Nocne zamkni\u0119cia b\u0119d\u0105 obowi\u0105zywa\u0107 w obu kierunkach podr\u00f3\u017cy, mi\u0119dzy skrzy\u017cowaniem 35 &#8220;Avroy\/Laveu&#8221; a skrzy\u017cowaniem 39 &#8220;Ch\u00ean\u00e9e&#8221; w nast\u0119puj\u0105ce noce: <\/p>\n<p>\u274c z niedzieli 17 wrze\u015bnia na poniedzia\u0142ek 18 wrze\u015bnia,<br \/>\n\u274c z poniedzia\u0142ku 18 wrze\u015bnia na wtorek 19 wrze\u015bnia,<br \/>\n\u274c z wtorku 19 wrze\u015bnia na \u015brod\u0119 20 wrze\u015bnia, <br \/>\n\u274c ze \u015brody 20 wrze\u015bnia na czwartek 21 wrze\u015bnia, <br \/>\n\u274c z czwartku 21 wrze\u015bnia na pi\u0105tek 22 wrze\u015bnia. <\/p>\n<p>W powy\u017csze noce po\u0142\u0105czenie b\u0119dzie ca\u0142kowicie zamkni\u0119te dla ruchu, w obu kierunkach, od 22 (stopniowe zamykanie dost\u0119pu od 20:30) do 06:00 (stopniowe ponowne otwieranie od 05.00 rano). Zorganizowano objazdy  przez A604 oraz trasy S1 i S20.<\/p>\n","protected":false},"excerpt":{"rendered":"<p>Po\u0142\u0105czenie b\u0119dzie zamkni\u0119te na 5 nocy w celu przeprowadzenia kwartalnych prac konserwacyjnych. Nocne zamkni\u0119cia b\u0119d\u0105 obowi\u0105zywa\u0107 w obu kierunkach podr\u00f3\u017cy, mi\u0119dzy skrzy\u017cowaniem 35 &#8220;Avroy\/Laveu&#8221; a skrzy\u017cowaniem 39 &#8220;Ch\u00ean\u00e9e&#8221; w nast\u0119puj\u0105ce noce: \u274c z niedzieli 17 wrze\u015bnia na poniedzia\u0142ek 18 wrze\u015bnia, \u274c z poniedzia\u0142ku 18 wrze\u015bnia na wtorek 19 wrze\u015bnia, \u274c z wtorku 19 wrze\u015bnia na [&hellip;]<\/p>\n","protected":false},"author":0,"featured_media":19904,"comment_status":"open","ping_status":"open","sticky":false,"template":"","format":"standard","meta":[],"categories":[1],"tags":[],"_links":{"self":[{"href":"http:\/\/avicegroup.com\/pl\/wp-json\/wp\/v2\/posts\/19903"}],"collection":[{"href":"http:\/\/avicegroup.com\/pl\/wp-json\/wp\/v2\/posts"}],"about":[{"href":"http:\/\/avicegroup.com\/pl\/wp-json\/wp\/v2\/types\/post"}],"replies":[{"embeddable":true,"href":"http:\/\/avicegroup.com\/pl\/wp-json\/wp\/v2\/comments?post=19903"}],"version-history":[{"count":0,"href":"http:\/\/avicegroup.com\/pl\/wp-json\/wp\/v2\/posts\/19903\/revisions"}],"wp:featuredmedia":[{"embeddable":true,"href":"http:\/\/avicegroup.com\/pl\/wp-json\/wp\/v2\/media\/19904"}],"wp:attachment":[{"href":"http:\/\/avicegroup.com\/pl\/wp-json\/wp\/v2\/media?parent=19903"}],"wp:term":[{"taxonomy":"category","embeddable":true,"href":"http:\/\/avicegroup.com\/pl\/wp-json\/wp\/v2\/categories?post=19903"},{"taxonomy":"post_tag","embeddable":true,"href":"http:\/\/avicegroup.com\/pl\/wp-json\/wp\/v2\/tags?post=19903"}],"curies":[{"name":"wp","href":"https:\/\/api.w.org\/{rel}","templated":true}]}}