{"id":8327,"date":"2022-05-06T16:10:22","date_gmt":"2022-05-06T16:10:22","guid":{"rendered":"http:\/\/news.55.html"},"modified":"2022-05-06T16:10:22","modified_gmt":"2022-05-06T16:10:22","slug":"osterreich-und-frankreich-maut-in-2018","status":"publish","type":"post","link":"http:\/\/avicegroup.com\/de\/osterreich-und-frankreich-maut-in-2018\/","title":{"rendered":"\u00d6sterreich und Frankreich \u2013 Maut in 2018"},"content":{"rendered":"<h1 class=\"ui header\">\n<div class=\"sub header\">Ab 2018 steigt die Lkw-Maut in \u00d6sterreich und Frankreich.<\/div>\n<\/h1>\n<p style=\"font-size:1.1rem\">In \u00d6sterreich ist die Maut von der Euro-Emissionsklasse und von der Tageszeit abh\u00e4ngig. In Frankreich gilt die Lkw-Maut auf Autobahnen und f\u00fcr die Benutzung des Fr\u00e9jus- und des Mont-Blanc-Tunnels.<\/p>\n<p>Weitere Details finden Sie unten in dem Link<\/p>\n","protected":false},"excerpt":{"rendered":"<p>Ab 2018 steigt die Lkw-Maut in \u00d6sterreich und Frankreich. In \u00d6sterreich ist die Maut von der Euro-Emissionsklasse und von der Tageszeit abh\u00e4ngig. In Frankreich gilt die Lkw-Maut auf Autobahnen und f\u00fcr die Benutzung des Fr\u00e9jus- und des Mont-Blanc-Tunnels. Weitere Details finden Sie unten in dem Link<\/p>\n","protected":false},"author":0,"featured_media":8328,"comment_status":"open","ping_status":"open","sticky":false,"template":"","format":"standard","meta":[],"categories":[1],"tags":[],"_links":{"self":[{"href":"http:\/\/avicegroup.com\/de\/wp-json\/wp\/v2\/posts\/8327"}],"collection":[{"href":"http:\/\/avicegroup.com\/de\/wp-json\/wp\/v2\/posts"}],"about":[{"href":"http:\/\/avicegroup.com\/de\/wp-json\/wp\/v2\/types\/post"}],"replies":[{"embeddable":true,"href":"http:\/\/avicegroup.com\/de\/wp-json\/wp\/v2\/comments?post=8327"}],"version-history":[{"count":0,"href":"http:\/\/avicegroup.com\/de\/wp-json\/wp\/v2\/posts\/8327\/revisions"}],"wp:featuredmedia":[{"embeddable":true,"href":"http:\/\/avicegroup.com\/de\/wp-json\/wp\/v2\/media\/8328"}],"wp:attachment":[{"href":"http:\/\/avicegroup.com\/de\/wp-json\/wp\/v2\/media?parent=8327"}],"wp:term":[{"taxonomy":"category","embeddable":true,"href":"http:\/\/avicegroup.com\/de\/wp-json\/wp\/v2\/categories?post=8327"},{"taxonomy":"post_tag","embeddable":true,"href":"http:\/\/avicegroup.com\/de\/wp-json\/wp\/v2\/tags?post=8327"}],"curies":[{"name":"wp","href":"https:\/\/api.w.org\/{rel}","templated":true}]}}