{"id":8302,"date":"2022-05-06T16:10:16","date_gmt":"2022-05-06T16:10:16","guid":{"rendered":"http:\/\/news.60.html"},"modified":"2022-05-06T16:10:16","modified_gmt":"2022-05-06T16:10:16","slug":"osterreich-will-tempolimit-in-der-nacht-fur-lkw-aufheben","status":"publish","type":"post","link":"http:\/\/avicegroup.com\/de\/osterreich-will-tempolimit-in-der-nacht-fur-lkw-aufheben\/","title":{"rendered":"\u00d6sterreich will Tempolimit in der Nacht f\u00fcr LKW aufheben"},"content":{"rendered":"<h1 class=\"ui header\">\n<div class=\"sub header\">Der neue Verkehrsminister Norbert Hofer m\u00f6chte den sogenannten Nacht-60-er abschaffen.<\/div>\n<\/h1>\n<p style=\"font-size:1.1rem\">Gegenw\u00e4rtig gilt die Tempobeschr\u00e4nkung von 60 km\/h auf Autobahnen und Schnellstra\u00dfen f\u00fcr LKW \u00fcber 7,5 t zwischen 22.00 Uhr und 05.00 Uhr. Hofer hat viel Unterst\u00fctzung f\u00fcr seine Vorschlag aus der \u00f6sterreichischen Transportbranche bekommen.<\/p>\n","protected":false},"excerpt":{"rendered":"<p>Der neue Verkehrsminister Norbert Hofer m\u00f6chte den sogenannten Nacht-60-er abschaffen. Gegenw\u00e4rtig gilt die Tempobeschr\u00e4nkung von 60 km\/h auf Autobahnen und Schnellstra\u00dfen f\u00fcr LKW \u00fcber 7,5 t zwischen 22.00 Uhr und 05.00 Uhr. Hofer hat viel Unterst\u00fctzung f\u00fcr seine Vorschlag aus der \u00f6sterreichischen Transportbranche bekommen.<\/p>\n","protected":false},"author":0,"featured_media":8303,"comment_status":"open","ping_status":"open","sticky":false,"template":"","format":"standard","meta":[],"categories":[1],"tags":[],"_links":{"self":[{"href":"http:\/\/avicegroup.com\/de\/wp-json\/wp\/v2\/posts\/8302"}],"collection":[{"href":"http:\/\/avicegroup.com\/de\/wp-json\/wp\/v2\/posts"}],"about":[{"href":"http:\/\/avicegroup.com\/de\/wp-json\/wp\/v2\/types\/post"}],"replies":[{"embeddable":true,"href":"http:\/\/avicegroup.com\/de\/wp-json\/wp\/v2\/comments?post=8302"}],"version-history":[{"count":0,"href":"http:\/\/avicegroup.com\/de\/wp-json\/wp\/v2\/posts\/8302\/revisions"}],"wp:featuredmedia":[{"embeddable":true,"href":"http:\/\/avicegroup.com\/de\/wp-json\/wp\/v2\/media\/8303"}],"wp:attachment":[{"href":"http:\/\/avicegroup.com\/de\/wp-json\/wp\/v2\/media?parent=8302"}],"wp:term":[{"taxonomy":"category","embeddable":true,"href":"http:\/\/avicegroup.com\/de\/wp-json\/wp\/v2\/categories?post=8302"},{"taxonomy":"post_tag","embeddable":true,"href":"http:\/\/avicegroup.com\/de\/wp-json\/wp\/v2\/tags?post=8302"}],"curies":[{"name":"wp","href":"https:\/\/api.w.org\/{rel}","templated":true}]}}