{"id":7857,"date":"2022-05-06T16:09:12","date_gmt":"2022-05-06T16:09:12","guid":{"rendered":"http:\/\/news.161.html"},"modified":"2022-05-06T16:09:12","modified_gmt":"2022-05-06T16:09:12","slug":"der-col-de-larche-fur-weitere-2-monate-geschlossen","status":"publish","type":"post","link":"http:\/\/avicegroup.com\/de\/der-col-de-larche-fur-weitere-2-monate-geschlossen\/","title":{"rendered":"Der Col de Larche f\u00fcr weitere 2 Monate geschlossen"},"content":{"rendered":"<h1 class=\"ui header\">\n<div class=\"sub header\">Die Grenzstra\u00dfe zwischen Italien und Frankreich, eine wichtige Verkehrsader f\u00fcr die Region Piemont, ist aufgrund eines 90-Tage-Verbots f\u00fcr den LKW-Verkehr gesperrt und h\u00f6chstwahrscheinlich bleibt wegen eines Erdrutsches f\u00fcr die n\u00e4chsten zwei Monate geschlossen.<\/div>\n<\/h1>\n<p style=\"font-size:1.1rem\">Es gibt keinen Frieden auf dem Col de Larche (Colle della Maddalena auf Italienisch): Erst Br\u00e4nde und dann schlechte Wetterbedingungen, die ein 90-t\u00e4giges Lkw-Verkehrsverbot ausgel\u00f6st haben. Auf franz\u00f6sischer Seite, sch\u00e4tzt die Pr\u00e4fektur Barcellonette, dass die Stra\u00dfe Dipartimentale 900, die zum Col de Larche f\u00fchrt, f\u00fcr die n\u00e4chsten zwei Monate f\u00fcr den Verkehr gesperrt bleibt. Die Nachricht wurde vom Verband der Stra\u00dfentransporter Astra angek\u00fcndigt, der als Ursache den instabilen Zustand der St\u00fctzmauer gab, an die die Stra\u00dfe angrenzt.<\/p>\n<p><b>Das Verbot gilt f\u00fcr Lastkraftwagen mit einem Gesamtgewicht \u00fcber 19 Tonnen und bleibt so lange g\u00fcltig, bis die Sicherheitsbedingungen erf\u00fcllt sind.<\/b><\/p>\n","protected":false},"excerpt":{"rendered":"<p>Die Grenzstra\u00dfe zwischen Italien und Frankreich, eine wichtige Verkehrsader f\u00fcr die Region Piemont, ist aufgrund eines 90-Tage-Verbots f\u00fcr den LKW-Verkehr gesperrt und h\u00f6chstwahrscheinlich bleibt wegen eines Erdrutsches f\u00fcr die n\u00e4chsten zwei Monate geschlossen. Es gibt keinen Frieden auf dem Col de Larche (Colle della Maddalena auf Italienisch): Erst Br\u00e4nde und dann schlechte Wetterbedingungen, die ein [&hellip;]<\/p>\n","protected":false},"author":0,"featured_media":7858,"comment_status":"open","ping_status":"open","sticky":false,"template":"","format":"standard","meta":[],"categories":[1],"tags":[],"_links":{"self":[{"href":"http:\/\/avicegroup.com\/de\/wp-json\/wp\/v2\/posts\/7857"}],"collection":[{"href":"http:\/\/avicegroup.com\/de\/wp-json\/wp\/v2\/posts"}],"about":[{"href":"http:\/\/avicegroup.com\/de\/wp-json\/wp\/v2\/types\/post"}],"replies":[{"embeddable":true,"href":"http:\/\/avicegroup.com\/de\/wp-json\/wp\/v2\/comments?post=7857"}],"version-history":[{"count":0,"href":"http:\/\/avicegroup.com\/de\/wp-json\/wp\/v2\/posts\/7857\/revisions"}],"wp:featuredmedia":[{"embeddable":true,"href":"http:\/\/avicegroup.com\/de\/wp-json\/wp\/v2\/media\/7858"}],"wp:attachment":[{"href":"http:\/\/avicegroup.com\/de\/wp-json\/wp\/v2\/media?parent=7857"}],"wp:term":[{"taxonomy":"category","embeddable":true,"href":"http:\/\/avicegroup.com\/de\/wp-json\/wp\/v2\/categories?post=7857"},{"taxonomy":"post_tag","embeddable":true,"href":"http:\/\/avicegroup.com\/de\/wp-json\/wp\/v2\/tags?post=7857"}],"curies":[{"name":"wp","href":"https:\/\/api.w.org\/{rel}","templated":true}]}}