{"id":7802,"date":"2022-05-06T16:09:04","date_gmt":"2022-05-06T16:09:04","guid":{"rendered":"http:\/\/news.172.html"},"modified":"2022-05-06T16:09:04","modified_gmt":"2022-05-06T16:09:04","slug":"frankreich-fahrverbot-am-7-8-mai-aufgehoben","status":"publish","type":"post","link":"http:\/\/avicegroup.com\/de\/frankreich-fahrverbot-am-7-8-mai-aufgehoben\/","title":{"rendered":"Frankreich: Fahrverbot am 7.\/8. Mai aufgehoben"},"content":{"rendered":"<h1 class=\"ui header\">\n<div class=\"sub header\">Das Verbot am 9. und 10. Mai bleibt unver\u00e4ndert.<\/div>\n<\/h1>\n<p style=\"font-size:1.1rem\">Angesichts des au\u00dfergew\u00f6hnlichen Zusammentreffens zweier nationaler Feiertage (8. und 10. Mai 2018) in derselben Woche und der wirtschaftlichen Folgen eines allgemeinen Fahrverbots auf allen Stra\u00dfen an diesen Tagen erlie\u00df der franz\u00f6sische Verkehrsminister am 22. Februar ein Dekret in dem das Fahrverbot f\u00fcr Fahrzeuge mit zGG von \u00fcber 7,5 t an den folgenden Tagen aufgehoben wird <br \/>\n<b>7. Mai 2018, von 22.00 bis 24.00 Uhr und <br \/>\n8. Mai 2018 von 12:00 bis 22:00 Uhr.<\/b><\/p>\n<p>In Ausnahmef\u00e4llen kann das Verbot \u00f6rtlich oder teilweise vor Ort vom Pr\u00e4fekten der D\u00e9partement wiederhergestellt werden.<\/p>\n","protected":false},"excerpt":{"rendered":"<p>Das Verbot am 9. und 10. Mai bleibt unver\u00e4ndert. Angesichts des au\u00dfergew\u00f6hnlichen Zusammentreffens zweier nationaler Feiertage (8. und 10. Mai 2018) in derselben Woche und der wirtschaftlichen Folgen eines allgemeinen Fahrverbots auf allen Stra\u00dfen an diesen Tagen erlie\u00df der franz\u00f6sische Verkehrsminister am 22. Februar ein Dekret in dem das Fahrverbot f\u00fcr Fahrzeuge mit zGG von [&hellip;]<\/p>\n","protected":false},"author":0,"featured_media":7803,"comment_status":"open","ping_status":"open","sticky":false,"template":"","format":"standard","meta":[],"categories":[1],"tags":[],"_links":{"self":[{"href":"http:\/\/avicegroup.com\/de\/wp-json\/wp\/v2\/posts\/7802"}],"collection":[{"href":"http:\/\/avicegroup.com\/de\/wp-json\/wp\/v2\/posts"}],"about":[{"href":"http:\/\/avicegroup.com\/de\/wp-json\/wp\/v2\/types\/post"}],"replies":[{"embeddable":true,"href":"http:\/\/avicegroup.com\/de\/wp-json\/wp\/v2\/comments?post=7802"}],"version-history":[{"count":0,"href":"http:\/\/avicegroup.com\/de\/wp-json\/wp\/v2\/posts\/7802\/revisions"}],"wp:featuredmedia":[{"embeddable":true,"href":"http:\/\/avicegroup.com\/de\/wp-json\/wp\/v2\/media\/7803"}],"wp:attachment":[{"href":"http:\/\/avicegroup.com\/de\/wp-json\/wp\/v2\/media?parent=7802"}],"wp:term":[{"taxonomy":"category","embeddable":true,"href":"http:\/\/avicegroup.com\/de\/wp-json\/wp\/v2\/categories?post=7802"},{"taxonomy":"post_tag","embeddable":true,"href":"http:\/\/avicegroup.com\/de\/wp-json\/wp\/v2\/tags?post=7802"}],"curies":[{"name":"wp","href":"https:\/\/api.w.org\/{rel}","templated":true}]}}