{"id":7787,"date":"2022-05-06T16:09:02","date_gmt":"2022-05-06T16:09:02","guid":{"rendered":"http:\/\/news.175.html"},"modified":"2022-05-06T16:09:02","modified_gmt":"2022-05-06T16:09:02","slug":"die-wochentliche-ruhezeit-im-fahrzeug-ist-nicht-gut-furs-geschaft","status":"publish","type":"post","link":"http:\/\/avicegroup.com\/de\/die-wochentliche-ruhezeit-im-fahrzeug-ist-nicht-gut-furs-geschaft\/","title":{"rendered":"Die w\u00f6chentliche Ruhezeit im Fahrzeug ist nicht gut f\u00fcrs Gesch\u00e4ft"},"content":{"rendered":"<h1 class=\"ui header\">\n<div class=\"sub header\">Am 9. April hat die Europ\u00e4ische Transportarbeiter-F\u00f6deration einen offenen Brief an die Mitglieder des Europ\u00e4ischen Parlaments ver\u00f6ffentlicht, in dem sie mitteilt, dass sie keine Kompromisse bei den im Mobilit\u00e4tspaket enthaltenen Kernregeln der Lenk- und Ruhezeiten bef\u00fcrwortet.<\/div>\n<\/h1>\n<p style=\"font-size:1.1rem\">Einige Europaabgeordnete haben eine angemessene rechtliche L\u00f6sung vorgeschlagen: eine Ausnahmeregelung die den Fahrer erlaubt die regelm\u00e4\u00dfige w\u00f6chentliche Ruhezeit im Lkw zu verbringen, wenn keine geeignete Infrastruktur vorhanden ist. Die ETF ist jedoch der Ansicht, dass die Ausnahmeregelung zu mehr unfairem Wettbewerb in diesem Sektor f\u00fchren wird und in v\u00f6lligem Widerspruch zur Definition von Ruhe stehen wird.<\/p>\n","protected":false},"excerpt":{"rendered":"<p>Am 9. April hat die Europ\u00e4ische Transportarbeiter-F\u00f6deration einen offenen Brief an die Mitglieder des Europ\u00e4ischen Parlaments ver\u00f6ffentlicht, in dem sie mitteilt, dass sie keine Kompromisse bei den im Mobilit\u00e4tspaket enthaltenen Kernregeln der Lenk- und Ruhezeiten bef\u00fcrwortet. Einige Europaabgeordnete haben eine angemessene rechtliche L\u00f6sung vorgeschlagen: eine Ausnahmeregelung die den Fahrer erlaubt die regelm\u00e4\u00dfige w\u00f6chentliche Ruhezeit im [&hellip;]<\/p>\n","protected":false},"author":0,"featured_media":7788,"comment_status":"open","ping_status":"open","sticky":false,"template":"","format":"standard","meta":[],"categories":[1],"tags":[],"_links":{"self":[{"href":"http:\/\/avicegroup.com\/de\/wp-json\/wp\/v2\/posts\/7787"}],"collection":[{"href":"http:\/\/avicegroup.com\/de\/wp-json\/wp\/v2\/posts"}],"about":[{"href":"http:\/\/avicegroup.com\/de\/wp-json\/wp\/v2\/types\/post"}],"replies":[{"embeddable":true,"href":"http:\/\/avicegroup.com\/de\/wp-json\/wp\/v2\/comments?post=7787"}],"version-history":[{"count":0,"href":"http:\/\/avicegroup.com\/de\/wp-json\/wp\/v2\/posts\/7787\/revisions"}],"wp:featuredmedia":[{"embeddable":true,"href":"http:\/\/avicegroup.com\/de\/wp-json\/wp\/v2\/media\/7788"}],"wp:attachment":[{"href":"http:\/\/avicegroup.com\/de\/wp-json\/wp\/v2\/media?parent=7787"}],"wp:term":[{"taxonomy":"category","embeddable":true,"href":"http:\/\/avicegroup.com\/de\/wp-json\/wp\/v2\/categories?post=7787"},{"taxonomy":"post_tag","embeddable":true,"href":"http:\/\/avicegroup.com\/de\/wp-json\/wp\/v2\/tags?post=7787"}],"curies":[{"name":"wp","href":"https:\/\/api.w.org\/{rel}","templated":true}]}}