{"id":7392,"date":"2022-05-06T16:08:09","date_gmt":"2022-05-06T16:08:09","guid":{"rendered":"http:\/\/news.256.html"},"modified":"2022-05-06T16:08:09","modified_gmt":"2022-05-06T16:08:09","slug":"neues-fahrverbot-auf-der-b-166-in-oberosterreich","status":"publish","type":"post","link":"http:\/\/avicegroup.com\/de\/neues-fahrverbot-auf-der-b-166-in-oberosterreich\/","title":{"rendered":"Neues Fahrverbot auf der B 166 in Ober\u00f6sterreich"},"content":{"rendered":"<h1 class=\"ui header\">\n<div class=\"sub header\">Auf der B 166 in Ober\u00f6sterreich gibt es ein neues Fahrverbot f\u00fcr Lkw.<\/div>\n<\/h1>\n<p style=\"font-size:1.1rem\">Mit Verordnung vom 12. Juli 2018 hat die Bezirkshauptmannschaft Gmunden demnach ein Lkw-Fahrverbot f\u00fcr einen rund 18 Kilometer langen Streckenabschnitt auf der B 166 Pass Gsch\u00fctt Stra\u00dfe angeordnet.<br \/>\nLkw mit einem zul\u00e4ssigen Gesamtgewicht von mehr als 3,5 Tonnen d\u00fcrfen die B 166 Pass Gsch\u00fctt Stra\u00dfe zwischen Kilometer 32,769 (Landesgrenze Pass Gsch\u00fctt) und Kilometer 50,700 (Knoten B 166\/B 145) in beiden Fahrtrichtungen nach entsprechender Ausschilderung seit dem 1. August 2018 nicht mehr befahren.<br \/>\nVon dem neuen Verbot ausgenommen sind allerdings Fahrten im Ziel- und Quellverkehr in folgenden Gemeinden:<br \/>\nOber\u00f6sterreich: Bad Goisern am Hallst\u00e4ttersee, Bad Ischl, Ebensee am Traunsee, Gosau, Hallstatt, Obertraun, St. Wolfgang i.S., Steinbach am Attersee, Traunkirchen<br \/>\nSalzburg: Abtenau, Annaberg-Lung\u00f6tz, Ebenau, Faistenau, Fuschl am See, Golling, Hintersee, Hof bei Salzburg, H\u00fcttau, Ru\u00dfbach am Pa\u00df Gsch\u00fctt, St. Gilgen, St. Martin am Tennengebirge, Scheffau, Strobl<br \/>\nSteiermark: Altaussee, Bad Aussee, Bad Mitterndorf, Grundlsee, Stainach-P\u00fcrgg.<\/p>\n","protected":false},"excerpt":{"rendered":"<p>Auf der B 166 in Ober\u00f6sterreich gibt es ein neues Fahrverbot f\u00fcr Lkw. Mit Verordnung vom 12. Juli 2018 hat die Bezirkshauptmannschaft Gmunden demnach ein Lkw-Fahrverbot f\u00fcr einen rund 18 Kilometer langen Streckenabschnitt auf der B 166 Pass Gsch\u00fctt Stra\u00dfe angeordnet. Lkw mit einem zul\u00e4ssigen Gesamtgewicht von mehr als 3,5 Tonnen d\u00fcrfen die B 166 [&hellip;]<\/p>\n","protected":false},"author":0,"featured_media":7393,"comment_status":"open","ping_status":"open","sticky":false,"template":"","format":"standard","meta":[],"categories":[1],"tags":[],"_links":{"self":[{"href":"http:\/\/avicegroup.com\/de\/wp-json\/wp\/v2\/posts\/7392"}],"collection":[{"href":"http:\/\/avicegroup.com\/de\/wp-json\/wp\/v2\/posts"}],"about":[{"href":"http:\/\/avicegroup.com\/de\/wp-json\/wp\/v2\/types\/post"}],"replies":[{"embeddable":true,"href":"http:\/\/avicegroup.com\/de\/wp-json\/wp\/v2\/comments?post=7392"}],"version-history":[{"count":0,"href":"http:\/\/avicegroup.com\/de\/wp-json\/wp\/v2\/posts\/7392\/revisions"}],"wp:featuredmedia":[{"embeddable":true,"href":"http:\/\/avicegroup.com\/de\/wp-json\/wp\/v2\/media\/7393"}],"wp:attachment":[{"href":"http:\/\/avicegroup.com\/de\/wp-json\/wp\/v2\/media?parent=7392"}],"wp:term":[{"taxonomy":"category","embeddable":true,"href":"http:\/\/avicegroup.com\/de\/wp-json\/wp\/v2\/categories?post=7392"},{"taxonomy":"post_tag","embeddable":true,"href":"http:\/\/avicegroup.com\/de\/wp-json\/wp\/v2\/tags?post=7392"}],"curies":[{"name":"wp","href":"https:\/\/api.w.org\/{rel}","templated":true}]}}