{"id":4297,"date":"2022-05-06T16:01:07","date_gmt":"2022-05-06T16:01:07","guid":{"rendered":"http:\/\/news.883.html"},"modified":"2022-05-06T16:01:07","modified_gmt":"2022-05-06T16:01:07","slug":"ausnahmeregelungen-wegen-der-unwetterkatastrophe-sonn-und-feiertagsfahrverbot-ferreisev-vom-samstagsfahrverbot-sowie-lenk-und-ruhezeiten","status":"publish","type":"post","link":"http:\/\/avicegroup.com\/de\/ausnahmeregelungen-wegen-der-unwetterkatastrophe-sonn-und-feiertagsfahrverbot-ferreisev-vom-samstagsfahrverbot-sowie-lenk-und-ruhezeiten\/","title":{"rendered":"Ausnahmeregelungen wegen der Unwetterkatastrophe: Sonn- und Feiertagsfahrverbot, FerReiseV vom Samstagsfahrverbot sowie Lenk-und Ruhezeiten"},"content":{"rendered":"<h1 class=\"ui header\">\n<div class=\"sub header\">Die Ausnahmeregelungen gelten f\u00fcr Bef\u00f6rderungen, die unmittelbar oder mittelbar im Zusammenhang mit der Hilfeleistung und Folgenbeseitigung der Unwettersch\u00e4den sowie der damit verbundenen Versorgung der Bev\u00f6lkerung stehen sowie Leerfahrten in direktem Zusammenhang mit diesen Transporten.<\/div>\n<\/h1>\n<p style=\"font-size:1.1rem\">&#8211; Baden-W\u00fcrttemberg (bis einschlie\u00dflich 28. November 2021),<br \/>\n&#8211; Bayern (bis einschlie\u00dflich 28. November 2021),<br \/>\n&#8211; Brandenburg (bis einschlie\u00dflich 28. November 2021),<br \/>\n&#8211; Hessen (bis einschlie\u00dflich 28. November 2021),<br \/>\n&#8211; Mecklenburg-Vorpommern (bis einschlie\u00dflich 26. September 2021),<br \/>\n&#8211; Niedersachsen (bis einschlie\u00dflich 31. August 2021),<br \/>\n&#8211; Nordrhein-Westfalen (bis einschlie\u00dflich 30. November 2021)<br \/>\n&#8211; Rheinland-Pfalz (bis einschlie\u00dflich 28. November 2021),<br \/>\n&#8211; Saarland (bis einschlie\u00dflich 28. November 2021),<br \/>\n&#8211; Sachsen (bis einschlie\u00dflich 15. August 2021) und<br \/>\n&#8211; Schleswig-Holstein (bis einschlie\u00dflich 15. August 2021)<br \/>\n&#8211; Th\u00fcringen (bis einschlie\u00dflich 28. November 2021).<\/p>\n<p>In Bremen und Hamburg wird bis auf weiteres von dem Vollzug der genannten Fahrverbote abgesehen.<\/p>\n<p>Ausnahmen zu Lenk-und Ruhezeiten<br \/>\nF\u00fcr Bef\u00f6rderungen im Zusammenhang mit der Hilfeleistung und Folgenbeseitigung der aktuellen Unwettersch\u00e4den gelten folgende Ausnahmeregelungen bis zum 30.09.2021.<\/p>\n<p>&#8211; Die t\u00e4gliche Lenkzeit darf f\u00fcnfmal in der Woche auf 10 Stunden verl\u00e4ngert werden<br \/>\n&#8211; Die w\u00f6chentliche Lenkzeit darf 59 Stunden nicht \u00fcberschreiten<br \/>\n&#8211; Es ist zul\u00e4ssig, zwei aufeinanderfolgende reduzierte w\u00f6chentliche Ruhezeiten einzulegen, sofern der Fahrer in vier jeweils aufeinanderfolgenden Wochen mindestens vier w\u00f6chentliche Ruhezeiten einlegt, von denen mindestens zwei regelm\u00e4\u00dfige w\u00f6chentliche Ruhezeiten sein m\u00fcssen. Jede Reduzierung der w\u00f6chentlichen Ruhezeit ist durch eine gleichwertige Ruhepause auszugleichen, die ohne Unterbrechung vor dem Ende der dritten Woche nach der betreffenden Woche zu nehmen ist. Wurden zwei reduzierte w\u00f6chentliche Ruhezeiten nacheinander eingelegt, ist die n\u00e4chste Ruhezeit &#8211; als Ausgleich f\u00fcr diese zwei reduzierten w\u00f6chentlichen Ruhezeiten \u2013 vor der darauffolgenden w\u00f6chentlichen Ruhezeit einzulegen.<br \/>\nDabei ist zu beachten, dass eine Ausnahme ausschlie\u00dflich unter der Voraussetzung in Anspruch genommen werden darf, dass durch deren Inanspruchnahme die Verkehrssicherheit nicht beeintr\u00e4chtigt wird.<\/p>\n<p><i>BAG<\/i><\/p>\n","protected":false},"excerpt":{"rendered":"<p>Die Ausnahmeregelungen gelten f\u00fcr Bef\u00f6rderungen, die unmittelbar oder mittelbar im Zusammenhang mit der Hilfeleistung und Folgenbeseitigung der Unwettersch\u00e4den sowie der damit verbundenen Versorgung der Bev\u00f6lkerung stehen sowie Leerfahrten in direktem Zusammenhang mit diesen Transporten. &#8211; Baden-W\u00fcrttemberg (bis einschlie\u00dflich 28. November 2021), &#8211; Bayern (bis einschlie\u00dflich 28. November 2021), &#8211; Brandenburg (bis einschlie\u00dflich 28. November 2021), [&hellip;]<\/p>\n","protected":false},"author":0,"featured_media":4298,"comment_status":"open","ping_status":"open","sticky":false,"template":"","format":"standard","meta":[],"categories":[1],"tags":[],"_links":{"self":[{"href":"http:\/\/avicegroup.com\/de\/wp-json\/wp\/v2\/posts\/4297"}],"collection":[{"href":"http:\/\/avicegroup.com\/de\/wp-json\/wp\/v2\/posts"}],"about":[{"href":"http:\/\/avicegroup.com\/de\/wp-json\/wp\/v2\/types\/post"}],"replies":[{"embeddable":true,"href":"http:\/\/avicegroup.com\/de\/wp-json\/wp\/v2\/comments?post=4297"}],"version-history":[{"count":0,"href":"http:\/\/avicegroup.com\/de\/wp-json\/wp\/v2\/posts\/4297\/revisions"}],"wp:featuredmedia":[{"embeddable":true,"href":"http:\/\/avicegroup.com\/de\/wp-json\/wp\/v2\/media\/4298"}],"wp:attachment":[{"href":"http:\/\/avicegroup.com\/de\/wp-json\/wp\/v2\/media?parent=4297"}],"wp:term":[{"taxonomy":"category","embeddable":true,"href":"http:\/\/avicegroup.com\/de\/wp-json\/wp\/v2\/categories?post=4297"},{"taxonomy":"post_tag","embeddable":true,"href":"http:\/\/avicegroup.com\/de\/wp-json\/wp\/v2\/tags?post=4297"}],"curies":[{"name":"wp","href":"https:\/\/api.w.org\/{rel}","templated":true}]}}